{"id":622,"date":"2019-05-27T11:54:31","date_gmt":"2019-05-27T08:54:31","guid":{"rendered":"http:\/\/bisikletlikadin.hidayetyanik.com\/?p=622"},"modified":"2023-09-07T12:42:14","modified_gmt":"2023-09-07T09:42:14","slug":"kadikoy-cevre-festivali-2019","status":"publish","type":"post","link":"https:\/\/bisikletlikadin.com\/en\/kadikoy-cevre-festivali-2019\/","title":{"rendered":"Kad\u0131k\u00f6y \u00c7evre Festivali 2019"},"content":{"rendered":"Kadikoy Environmental Festival took place on 24th, 25th and 26th May at the Liberty Park.<\/p>\n<p>We also participated in Kad\u0131k\u00f6y Environment Festival as Women on Bicycle Initiative.<\/p>\n<blockquote><p>We organized a wide range of activities during the festival such as:<\/p><\/blockquote>\n<p><em>Women on Bicycle Initiative<\/em> Presentation, <em>Second Spring Cycling Experience<\/em> Presentation, <em>My Pedal Friend<\/em> Presentation, <em>We are aware of autism, we are with you with our bicycles<\/em>\u00a0bike parade, we carried out various activities during the festival.<\/p>\n\n<p>We would like to thank Kad\u0131k\u00f6y Municipality for this beautiful and successful organization.<\/p>\n<p>Thank you to Kad\u0131k\u00f6y Municipality, Coast Cycling Team and Ecological Library for their support.","protected":false},"excerpt":{"rendered":"<p>Kadikoy Environmental Festival took place on 24th, 25th and 26th May at the Liberty Park. We also participated in Kad\u0131k\u00f6y Environment Festival as Women on Bicycle Initiative. We organized a wide range of activities during the festival such as: Women on Bicycle Initiative Presentation, Second Spring Cycling Experience Presentation, My Pedal Friend Presentation, We are [&hellip;]<\/p>\n","protected":false},"author":1,"featured_media":1185,"comment_status":"closed","ping_status":"closed","sticky":false,"template":"","format":"standard","meta":{"footnotes":""},"categories":[3],"tags":[],"class_list":["post-622","post","type-post","status-publish","format-standard","has-post-thumbnail","hentry","category-katil-etkinlik"],"_links":{"self":[{"href":"https:\/\/bisikletlikadin.com\/en\/wp-json\/wp\/v2\/posts\/622"}],"collection":[{"href":"https:\/\/bisikletlikadin.com\/en\/wp-json\/wp\/v2\/posts"}],"about":[{"href":"https:\/\/bisikletlikadin.com\/en\/wp-json\/wp\/v2\/types\/post"}],"author":[{"embeddable":true,"href":"https:\/\/bisikletlikadin.com\/en\/wp-json\/wp\/v2\/users\/1"}],"replies":[{"embeddable":true,"href":"https:\/\/bisikletlikadin.com\/en\/wp-json\/wp\/v2\/comments?post=622"}],"version-history":[{"count":0,"href":"https:\/\/bisikletlikadin.com\/en\/wp-json\/wp\/v2\/posts\/622\/revisions"}],"wp:featuredmedia":[{"embeddable":true,"href":"https:\/\/bisikletlikadin.com\/en\/wp-json\/wp\/v2\/media\/1185"}],"wp:attachment":[{"href":"https:\/\/bisikletlikadin.com\/en\/wp-json\/wp\/v2\/media?parent=622"}],"wp:term":[{"taxonomy":"category","embeddable":true,"href":"https:\/\/bisikletlikadin.com\/en\/wp-json\/wp\/v2\/categories?post=622"},{"taxonomy":"post_tag","embeddable":true,"href":"https:\/\/bisikletlikadin.com\/en\/wp-json\/wp\/v2\/tags?post=622"}],"curies":[{"name":"wp","href":"https:\/\/api.w.org\/{rel}","templated":true}]}}