{"id":406,"date":"2019-07-02T22:48:18","date_gmt":"2019-07-02T19:48:18","guid":{"rendered":"http:\/\/bisikletlikadin.hidayetyanik.com\/?p=406"},"modified":"2023-09-07T12:41:47","modified_gmt":"2023-09-07T09:41:47","slug":"velo-city-2019","status":"publish","type":"post","link":"https:\/\/bisikletlikadin.com\/en\/velo-city-2019\/","title":{"rendered":"Velo-City 2019"},"content":{"rendered":"<h1 class=\"null\">Women\u00a0on\u00a0Bicycle\u00a0(WoBi) WAS AT VELO-CITY 2019 DUBLIN:<\/h1>\n<div>\n<h2>PANEL, VIDEOS,\u00a0RADIO PROGRAMME etc:<\/h2>\n<p>At the global cycling summit, we presented &#8220;Visibility and Solidarity Among Women in Turkey&#8221; and had a full week of about the <strong>City of the future(s)<\/strong>!<\/p>\n<p><img loading=\"lazy\" decoding=\"async\" class=\"alignnone wp-image-411 size-large\" src=\"http:\/\/bisikletlikadin.hidayetyanik.com\/wp-content\/uploads\/2019\/09\/Velo-City-2019-2-1024x1024.jpg\" alt=\"\" width=\"1024\" height=\"1024\" \/><\/p>\n<p>&nbsp;<\/p>\n<hr \/>\n<p>It was so inspiring and fruitful to be a part of Velo-City international cycling conference series which was in Dublin, Ireland from the 25th to the 28th June 2019.\u00a0<strong>Zeynep <\/strong>Arapo\u011flu and <strong>Se\u00e7il \u00d6znur <\/strong>Yakan\u00a0attended the conference on behalf of <strong>WoBi <\/strong>and below you can find a summary of the week from our side<strong>.<\/strong><br \/>\n\u200bThe Velo-City conference is the <strong>European Cyclists\u2019 Federation<\/strong> (ECF) annual global cycling summit organised by the ECF and selected host cities. The Velo-City conference is the world\u2019s largest conference in the area of cycling, cycling infrastructure, bicycle innovations, bicycle safety, and the social and cultural changes driven by cycling on a global scale. The theme for Velo-City 2019 Dublin is\u00a0<strong>Cycling for the Ages<\/strong>. This theme focuses on encouraging cycling by people of all ages and abilities, young and old, male and female as part of their daily transport and recreation.<\/p>\n<p><img loading=\"lazy\" decoding=\"async\" class=\"alignnone wp-image-409 size-large\" src=\"http:\/\/bisikletlikadin.hidayetyanik.com\/wp-content\/uploads\/2019\/09\/Velo-City-2019-5-1024x1024.jpg\" alt=\"\" width=\"1024\" height=\"1024\" \/><\/p>\n<p><strong>Se\u00e7il \u00d6znur <\/strong>Yakan made a presentation at the &#8220;<strong><a href=\"https:\/\/abbey.eventsair.com\/QuickEventWebsitePortal\/velo-city-2019\/eventinfo\/Agenda\/AgendaItemDetail?id=bf2f4cc6-02ca-4eba-9791-1fe23f7f1693\" target=\"_blank\" rel=\"noopener noreferrer\">Session 4F &#8211; Overcoming Imbalances: How to make cycling inclusive for all<\/a><\/strong>?&#8221; with\u00a0<strong>Giulia <\/strong>Grigoli from<strong> Women on Wheels Dublin<\/strong> and\u00a0<strong>Priscilla <\/strong>Dutra Dias Viola from<strong> Montreal University<\/strong>. The questions, comments, feedbacks during and after the session showed us collaborations for more projects are on the way. Here you can find the <a href=\"https:\/\/ecf.com\/sites\/ecf.com\/files\/Yakan.S_Women_on_Bicycle_Initiative_Turkey.pdf\" target=\"_blank\" rel=\"noopener noreferrer\">presentation of WoBi<\/a> and <a href=\"https:\/\/ecf.com\/velo-city\/velo-city-2019-dublin\/velo-city-2019-presentations\" target=\"_blank\" rel=\"noopener noreferrer\">all other speakers<\/a>.<\/p>\n<p><img loading=\"lazy\" decoding=\"async\" class=\"alignnone wp-image-413 size-large\" src=\"http:\/\/bisikletlikadin.hidayetyanik.com\/wp-content\/uploads\/2019\/09\/DSCF7362-1024x1024.jpg\" alt=\"\" width=\"1024\" height=\"1024\" \/><\/p>\n<p>WoBi made some video recordings during the conference with women who work in different countries and organizations related to cycling, walking, mobility. At our youtube channel you can see <a href=\"https:\/\/www.youtube.com\/playlist?list=PL5FSE9ZsgzCRkrr88jlq0Vu8lak63sicX\">them<\/a>:<br \/>\n*\u00a0<a href=\"https:\/\/bisikletlikadin.us20.list-manage.com\/track\/click?u=32f9e5f08271ded06239af750&amp;id=11fa74bfe2&amp;e=bf14286714\" target=\"_blank\" rel=\"noopener noreferrer\"><em><strong>Fiona<\/strong> Campbell<\/em><\/a>\u00a0The manager of Cycling Strategy at the City of\u00a0<em>Sydney<\/em><br \/>\n*\u00a0<a href=\"https:\/\/bisikletlikadin.us20.list-manage.com\/track\/click?u=32f9e5f08271ded06239af750&amp;id=21055c3770&amp;e=bf14286714\" target=\"_blank\" rel=\"noopener noreferrer\"><em><strong>Susanne<\/strong> Mueller-Huebsch<\/em><\/a> Mayor of Mobility, Anderlecht, <em>Belgium<\/em><\/p>\n<p><img loading=\"lazy\" decoding=\"async\" src=\"https:\/\/gallery.mailchimp.com\/32f9e5f08271ded06239af750\/images\/92609073-7f4c-463d-a806-aa766ffc2d3f.png\" width=\"300\" height=\"186\" data-file-id=\"619463\" \/><img loading=\"lazy\" decoding=\"async\" src=\"https:\/\/gallery.mailchimp.com\/32f9e5f08271ded06239af750\/images\/a9e29a85-028d-4593-9bd1-ae217c43f1fb.png\" width=\"300\" height=\"178\" data-file-id=\"619459\" \/><\/p>\n<p>How can we better <strong>support women working in <a dir=\"ltr\" role=\"link\" href=\"https:\/\/bisikletlikadin.us20.list-manage.com\/track\/click?u=32f9e5f08271ded06239af750&amp;id=1e5a878851&amp;e=bf14286714\" data-focusable=\"true\">#cycling<\/a> and\/or <a dir=\"ltr\" role=\"link\" href=\"https:\/\/bisikletlikadin.us20.list-manage.com\/track\/click?u=32f9e5f08271ded06239af750&amp;id=05637216a8&amp;e=bf14286714\" data-focusable=\"true\">#mobility<\/a><\/strong>? If you didn&#8217;t drop your comments and suggestions in the box at the ECF booth during the Velo-City 2019 then contact ECF!<\/p>\n<p><img loading=\"lazy\" decoding=\"async\" class=\"alignnone wp-image-407 size-large\" src=\"http:\/\/bisikletlikadin.hidayetyanik.com\/wp-content\/uploads\/2019\/09\/Velo-City-2019-3-1024x1024.jpeg\" alt=\"\" width=\"1024\" height=\"1024\" \/><\/p>\n<p>&nbsp;<\/p>\n<p><strong>Trapeze Frame, bi-weekly radio programme<\/strong> of WoBi is recorded\u00a0at the speaker ready room just after the closing session of the conference. <strong>Zeynep<\/strong> Arapo\u011flu, <strong>P\u0131nar<\/strong> Pinzuti and <strong>Se\u00e7il \u00d6znur<\/strong> Yakan made a nice chat about the conference. Trapeze Frame\u00a0is prepared and presented by two women on bicycle Se\u00e7il Zor and Zeynep Arapo\u011flu.\u00a0It is broadcasted on Tuesday evenings at\u00a019:00\u00a0(GMT+3).\u00a0During the programme, women cyclists take the word\u00a0and share their own experiences of bicycle\u00a0and\u00a0cycling life.<br \/>\nThe Velo-City special programme is broadcasted on 9th of July at <a href=\"http:\/\/acikradyo.com.tr\/what-acik-radyo\" target=\"_blank\" rel=\"noopener noreferrer\">Open Radio<\/a><br \/>\n<strong>Please share the <a href=\"http:\/\/acikradyo.com.tr\/podcast\/218750\" target=\"_blank\" rel=\"noopener noreferrer\">podcast of the programme<\/a><\/strong> with your Turkish speaking friends, colleagues and more.<\/p>\n<p><img loading=\"lazy\" decoding=\"async\" src=\"https:\/\/gallery.mailchimp.com\/32f9e5f08271ded06239af750\/_compresseds\/f2c2a001-f64b-4ada-8912-410ebbea43de.jpg\" width=\"400\" height=\"400\" data-file-id=\"577275\" \/><\/p>\n<p><img loading=\"lazy\" decoding=\"async\" class=\"alignnone wp-image-410 size-large\" src=\"http:\/\/bisikletlikadin.hidayetyanik.com\/wp-content\/uploads\/2019\/09\/Velo-City-2020-soon-1024x1024.jpg\" alt=\"\" width=\"1024\" height=\"1024\" \/><\/p>\n<\/div>\n<blockquote>\n<h3>Hope to see you all at Ljubljana in Velo-City 2020!<\/h3>\n<\/blockquote>\n<p>&nbsp;","protected":false},"excerpt":{"rendered":"<p>Women\u00a0on\u00a0Bicycle\u00a0(WoBi) WAS AT VELO-CITY 2019 DUBLIN: PANEL, VIDEOS,\u00a0RADIO PROGRAMME etc: At the global cycling summit, we presented &#8220;Visibility and Solidarity Among Women in Turkey&#8221; and had a full week of about the City of the future(s)! &nbsp; It was so inspiring and fruitful to be a part of Velo-City international cycling conference series which was [&hellip;]<\/p>\n","protected":false},"author":1,"featured_media":774,"comment_status":"closed","ping_status":"closed","sticky":false,"template":"","format":"standard","meta":{"footnotes":""},"categories":[3],"tags":[],"class_list":["post-406","post","type-post","status-publish","format-standard","has-post-thumbnail","hentry","category-katil-etkinlik"],"_links":{"self":[{"href":"https:\/\/bisikletlikadin.com\/en\/wp-json\/wp\/v2\/posts\/406"}],"collection":[{"href":"https:\/\/bisikletlikadin.com\/en\/wp-json\/wp\/v2\/posts"}],"about":[{"href":"https:\/\/bisikletlikadin.com\/en\/wp-json\/wp\/v2\/types\/post"}],"author":[{"embeddable":true,"href":"https:\/\/bisikletlikadin.com\/en\/wp-json\/wp\/v2\/users\/1"}],"replies":[{"embeddable":true,"href":"https:\/\/bisikletlikadin.com\/en\/wp-json\/wp\/v2\/comments?post=406"}],"version-history":[{"count":0,"href":"https:\/\/bisikletlikadin.com\/en\/wp-json\/wp\/v2\/posts\/406\/revisions"}],"wp:featuredmedia":[{"embeddable":true,"href":"https:\/\/bisikletlikadin.com\/en\/wp-json\/wp\/v2\/media\/774"}],"wp:attachment":[{"href":"https:\/\/bisikletlikadin.com\/en\/wp-json\/wp\/v2\/media?parent=406"}],"wp:term":[{"taxonomy":"category","embeddable":true,"href":"https:\/\/bisikletlikadin.com\/en\/wp-json\/wp\/v2\/categories?post=406"},{"taxonomy":"post_tag","embeddable":true,"href":"https:\/\/bisikletlikadin.com\/en\/wp-json\/wp\/v2\/tags?post=406"}],"curies":[{"name":"wp","href":"https:\/\/api.w.org\/{rel}","templated":true}]}}